{"id":895,"date":"2023-01-19T12:02:36","date_gmt":"2023-01-19T17:02:36","guid":{"rendered":"https:\/\/topo.art\/ilinu-ilidi\/?p=895"},"modified":"2023-01-25T16:31:35","modified_gmt":"2023-01-25T21:31:35","slug":"kofi-oduro-illestpreacha-3","status":"publish","type":"post","link":"https:\/\/topo.art\/ilinu-ilidi\/es\/kofi-oduro-illestpreacha-3\/","title":{"rendered":"Kofi Oduro (Illestpreacha)"},"content":{"rendered":"\n<div class=\"wp-block-group alignwide\"><div class=\"wp-block-group__inner-container is-layout-constrained wp-block-group-is-layout-constrained\">\n<p>Mi pr\u00e1ctica art\u00edstica es una observaci\u00f3n del mundo que nos rodea, que luego plasmo en obras de arte para que otros se relacionen con ellas o discrepen. A trav\u00e9s de la videograf\u00eda, la poes\u00eda y la codificaci\u00f3n creativa, trato de poner de relieve los \u00e1mbitos de la actuaci\u00f3n humana y la mente humana en diferentes escenarios. Estas situaciones pueden describirse como sociales, internas o incluso biol\u00f3gicas, a las que nos enfrentamos en nuestra vida cotidiana.<\/p>\n\n\n\n<p><a href=\"https:\/\/portfolio.illestpreacha.com\/work\" target=\"_blank\" rel=\"noreferrer noopener\">portfolio.illestpreacha.com<\/a><\/p>\n<\/div><\/div>\n","protected":false},"excerpt":{"rendered":"<p>Mi pr\u00e1ctica art\u00edstica es una observaci\u00f3n del mundo que nos rodea, que luego plasmo en obras de arte para que otros se relacionen con ellas o discrepen. A trav\u00e9s de la videograf\u00eda, la poes\u00eda y la codificaci\u00f3n creativa, trato de poner de relieve los \u00e1mbitos de la actuaci\u00f3n humana y la mente humana en diferentes&hellip; <a class=\"more-link\" href=\"https:\/\/topo.art\/ilinu-ilidi\/es\/kofi-oduro-illestpreacha-3\/\">Continue reading <span class=\"screen-reader-text\">Kofi Oduro (Illestpreacha)<\/span><\/a><\/p>\n","protected":false},"author":1,"featured_media":0,"comment_status":"closed","ping_status":"closed","sticky":false,"template":"","format":"standard","meta":{"ngg_post_thumbnail":0,"footnotes":""},"categories":[69],"tags":[96],"class_list":["post-895","post","type-post","status-publish","format-standard","hentry","category-persona","tag-formateur-es","entry"],"_links":{"self":[{"href":"https:\/\/topo.art\/ilinu-ilidi\/wp-json\/wp\/v2\/posts\/895","targetHints":{"allow":["GET"]}}],"collection":[{"href":"https:\/\/topo.art\/ilinu-ilidi\/wp-json\/wp\/v2\/posts"}],"about":[{"href":"https:\/\/topo.art\/ilinu-ilidi\/wp-json\/wp\/v2\/types\/post"}],"author":[{"embeddable":true,"href":"https:\/\/topo.art\/ilinu-ilidi\/wp-json\/wp\/v2\/users\/1"}],"replies":[{"embeddable":true,"href":"https:\/\/topo.art\/ilinu-ilidi\/wp-json\/wp\/v2\/comments?post=895"}],"version-history":[{"count":3,"href":"https:\/\/topo.art\/ilinu-ilidi\/wp-json\/wp\/v2\/posts\/895\/revisions"}],"predecessor-version":[{"id":1007,"href":"https:\/\/topo.art\/ilinu-ilidi\/wp-json\/wp\/v2\/posts\/895\/revisions\/1007"}],"wp:attachment":[{"href":"https:\/\/topo.art\/ilinu-ilidi\/wp-json\/wp\/v2\/media?parent=895"}],"wp:term":[{"taxonomy":"category","embeddable":true,"href":"https:\/\/topo.art\/ilinu-ilidi\/wp-json\/wp\/v2\/categories?post=895"},{"taxonomy":"post_tag","embeddable":true,"href":"https:\/\/topo.art\/ilinu-ilidi\/wp-json\/wp\/v2\/tags?post=895"}],"curies":[{"name":"wp","href":"https:\/\/api.w.org\/{rel}","templated":true}]}}