{"id":804,"date":"2023-01-05T18:32:45","date_gmt":"2023-01-05T23:32:45","guid":{"rendered":"https:\/\/topo.art\/ilinu-ilidi\/?p=804"},"modified":"2023-03-06T17:11:07","modified_gmt":"2023-03-06T22:11:07","slug":"plataforma-hubs-mozilla","status":"publish","type":"post","link":"https:\/\/topo.art\/ilinu-ilidi\/es\/plataforma-hubs-mozilla\/","title":{"rendered":"Plataforma hubs.mozilla"},"content":{"rendered":"\n<div class=\"wp-block-group alignwide\"><div class=\"wp-block-group__inner-container is-layout-constrained wp-block-group-is-layout-constrained\">\n<p>S\u00e1bado 28 de mayo, 2022<\/p>\n\n\n\n<p>Si bien el proceso de aceptaci\u00f3n de la realidad virtual iba en un camino creciente, la aparici\u00f3n del COVID-19 aceler\u00f3 dr\u00e1sticamente la utilizaci\u00f3n de estas tecnolog\u00edas, permitiendo diferentes experiencias inmersivas donde encontramos im\u00e1genes, videos, sonidos, transitando junto a los avatares de otras personas. Este taller profundizar\u00e1 sobre las posibilidades de Mozilla Hubs,&nbsp; las funcionalidades con las que cuenta para propiciar encuentros virtuales, sus limitaciones y todo lo necesario para generar un ambiente virtual en su entorno.<\/p>\n\n\n\n<div class=\"wp-block-group\"><div class=\"wp-block-group__inner-container is-layout-constrained wp-block-group-is-layout-constrained\">\n<h3 class=\"wp-block-heading\">Presentado por :<\/h3>\n\n\n\n<div class=\"wp-block-query is-layout-flow wp-block-query-is-layout-flow\"><ul class=\"wp-block-post-template is-layout-flow wp-block-post-template-is-layout-flow\"><li class=\"wp-block-post post-672 post type-post status-publish format-standard hentry category-person tag-andamio tag-formateur entry\">\n<h5 class=\"wp-block-post-title\"><a href=\"https:\/\/topo.art\/ilinu-ilidi\/luis-guzman-zirate\/\" target=\"_self\" >Luis Guzm\u00e1n-Zirate<\/a><\/h5>\n\n<div class=\"wp-block-post-excerpt has-extra-small-font-size\"><p class=\"wp-block-post-excerpt__excerpt\">Bio Titulaire d&rsquo;un dipl\u00f4me en arts et fin utilisateur d&rsquo;ordinateurs et de syst\u00e8mes, il s&rsquo;int\u00e9resse aux implications de la cr\u00e9ativit\u00e9 et de la programmation aux niveaux de l&rsquo;activisme et du d\u00e9veloppement social. L&rsquo;utilisation de plateformes open source et d&rsquo;espaces web constitue le forum actuel de ses recherches. <\/p><\/div>\n<\/li><\/ul><\/div>\n<\/div><\/div>\n\n\n\n<figure class=\"wp-block-image alignwide size-full\"><img loading=\"lazy\" decoding=\"async\" width=\"1280\" height=\"800\" src=\"https:\/\/topo.art\/ilinu-ilidi\/wp-content\/uploads\/2023\/03\/6d86b90b-e00e-4851-ba89-3157e47d9c80-2.jpeg\" alt=\"\" class=\"wp-image-1331\"\/><\/figure>\n<\/div><\/div>\n","protected":false},"excerpt":{"rendered":"<p>S\u00e1bado 28 de mayo, 2022<\/p>\n","protected":false},"author":1,"featured_media":0,"comment_status":"closed","ping_status":"closed","sticky":false,"template":"","format":"standard","meta":{"ngg_post_thumbnail":0,"footnotes":""},"categories":[65],"tags":[136],"class_list":["post-804","post","type-post","status-publish","format-standard","hentry","category-taller","tag-diffusion","entry"],"_links":{"self":[{"href":"https:\/\/topo.art\/ilinu-ilidi\/wp-json\/wp\/v2\/posts\/804","targetHints":{"allow":["GET"]}}],"collection":[{"href":"https:\/\/topo.art\/ilinu-ilidi\/wp-json\/wp\/v2\/posts"}],"about":[{"href":"https:\/\/topo.art\/ilinu-ilidi\/wp-json\/wp\/v2\/types\/post"}],"author":[{"embeddable":true,"href":"https:\/\/topo.art\/ilinu-ilidi\/wp-json\/wp\/v2\/users\/1"}],"replies":[{"embeddable":true,"href":"https:\/\/topo.art\/ilinu-ilidi\/wp-json\/wp\/v2\/comments?post=804"}],"version-history":[{"count":3,"href":"https:\/\/topo.art\/ilinu-ilidi\/wp-json\/wp\/v2\/posts\/804\/revisions"}],"predecessor-version":[{"id":1332,"href":"https:\/\/topo.art\/ilinu-ilidi\/wp-json\/wp\/v2\/posts\/804\/revisions\/1332"}],"wp:attachment":[{"href":"https:\/\/topo.art\/ilinu-ilidi\/wp-json\/wp\/v2\/media?parent=804"}],"wp:term":[{"taxonomy":"category","embeddable":true,"href":"https:\/\/topo.art\/ilinu-ilidi\/wp-json\/wp\/v2\/categories?post=804"},{"taxonomy":"post_tag","embeddable":true,"href":"https:\/\/topo.art\/ilinu-ilidi\/wp-json\/wp\/v2\/tags?post=804"}],"curies":[{"name":"wp","href":"https:\/\/api.w.org\/{rel}","templated":true}]}}