{"id":9997,"date":"2026-09-03T15:43:34","date_gmt":"2026-09-03T19:43:34","guid":{"rendered":"https:\/\/topo.art\/?p=9997"},"modified":"2026-09-03T15:47:26","modified_gmt":"2026-09-03T19:47:26","slug":"une-nouvelle-direction-pour-topo","status":"publish","type":"post","link":"https:\/\/topo.art\/en\/une-nouvelle-direction-pour-topo\/","title":{"rendered":"Une nouvelle direction pour TOPO!"},"content":{"rendered":"<div data-elementor-type=\"wp-post\" data-elementor-id=\"9997\" class=\"elementor elementor-9997\" data-elementor-post-type=\"post\">\n\t\t\t\t<div class=\"elementor-element elementor-element-45ad931 e-flex e-con-boxed e-con e-parent\" data-id=\"45ad931\" data-element_type=\"container\" data-e-type=\"container\">\n\t\t\t\t\t<div class=\"e-con-inner\">\n\t\t\t\t<div class=\"elementor-element elementor-element-22b3ab1 elementor-widget elementor-widget-heading\" data-id=\"22b3ab1\" data-element_type=\"widget\" data-e-type=\"widget\" data-widget_type=\"heading.default\">\n\t\t\t\t<div class=\"elementor-widget-container\">\n\t\t\t\t\t<h2 class=\"elementor-heading-title elementor-size-default\">Michel Lefebvre passe le flambeau<\/h2>\t\t\t\t<\/div>\n\t\t\t\t<\/div>\n\t\t\t\t\t<\/div>\n\t\t\t\t<\/div>\n\t\t<div class=\"elementor-element elementor-element-da9d81f e-flex e-con-boxed e-con e-parent\" data-id=\"da9d81f\" data-element_type=\"container\" data-e-type=\"container\">\n\t\t\t\t\t<div class=\"e-con-inner\">\n\t\t\t\t<div class=\"elementor-element elementor-element-b617cbd elementor-widget elementor-widget-text-editor\" data-id=\"b617cbd\" data-element_type=\"widget\" data-e-type=\"widget\" data-widget_type=\"text-editor.default\">\n\t\t\t\t<div class=\"elementor-widget-container\">\n\t\t\t\t\t\t\t\t\t<p><strong>Apr\u00e8s plus de 25 ans \u00e0 la direction de TOPO \u2013 Centre de cr\u00e9ation num\u00e9rique, Michel Lefebvre a pass\u00e9 le flambeau \u00e0 Simon Van Vliet lors de l\u2019assembl\u00e9e g\u00e9n\u00e9rale annuelle de l\u2019organisme, le 1er septembre 2026.<\/strong><\/p><p>\u00ab Je vais poursuivre mon engagement et rester associ\u00e9 \u00e0 certains projets. J\u2019ai pleinement confiance en la nouvelle personne \u00e0 la direction pour mener \u00e0 bien les ambitions artistiques de l\u2019organisme. TOPO a assur\u00e9ment \u00e9t\u00e9 une aventure marquante \u00e0 tout jamais! \u00bb<\/p><p style=\"padding-left: 40px;\"><strong>\u00a0&#8211; Michel Lefebvre, cofondateur et directeur g\u00e9n\u00e9ral sortant de TOPO.<br \/><br \/><\/strong><\/p>\t\t\t\t\t\t\t\t<\/div>\n\t\t\t\t<\/div>\n\t\t\t\t\t<\/div>\n\t\t\t\t<\/div>\n\t\t<div class=\"elementor-element elementor-element-9e82762 e-flex e-con-boxed e-con e-parent\" data-id=\"9e82762\" data-element_type=\"container\" data-e-type=\"container\">\n\t\t\t\t\t<div class=\"e-con-inner\">\n\t\t\t\t<div class=\"elementor-element elementor-element-9bce073 elementor-widget elementor-widget-heading\" data-id=\"9bce073\" data-element_type=\"widget\" data-e-type=\"widget\" data-widget_type=\"heading.default\">\n\t\t\t\t<div class=\"elementor-widget-container\">\n\t\t\t\t\t<h2 class=\"elementor-heading-title elementor-size-default\">Simon Van Vliet, nouveau directeur<\/h2>\t\t\t\t<\/div>\n\t\t\t\t<\/div>\n\t\t\t\t\t<\/div>\n\t\t\t\t<\/div>\n\t\t<div class=\"elementor-element elementor-element-b592a2b e-con-full e-flex e-con e-parent\" data-id=\"b592a2b\" data-element_type=\"container\" data-e-type=\"container\">\n\t\t\t\t<div class=\"elementor-element elementor-element-a33f4c8 elementor-widget elementor-widget-text-editor\" data-id=\"a33f4c8\" data-element_type=\"widget\" data-e-type=\"widget\" data-widget_type=\"text-editor.default\">\n\t\t\t\t<div class=\"elementor-widget-container\">\n\t\t\t\t\t\t\t\t\t<p>\u00c9voluant dans le secteur de la culture et des communications depuis une vingtaine d\u2019ann\u00e9es, <strong>Simon Van Vliet<\/strong> assurait jusqu\u2019\u00e0 tout r\u00e9cemment la direction g\u00e9n\u00e9rale par int\u00e9rim de la revue de cr\u00e9ation litt\u00e9raire et visuelle <em>Le Sabord<\/em>. Dipl\u00f4m\u00e9 en sociologie du d\u00e9veloppement des territoires (Universit\u00e9 du Qu\u00e9bec \u00e0 Rimouski, 2008), sp\u00e9cialis\u00e9 en gestion d\u2019organismes culturels (HEC Montr\u00e9al, 2012), laur\u00e9at d\u2019une bourse de journalisme du Centre de recherche en d\u00e9veloppement international (Concordia, 2013) et d\u2019une bourse d\u2019excellence de l\u2019Association des journalistes ind\u00e9pendants du Qu\u00e9bec (2024), il travaille les mots, les images et les sons pour rendre compte du r\u00e9el et interroger les possibles.<\/p><p>Technophile, il explore l\u2019univers Web et exp\u00e9rimente avec les technologies num\u00e9riques depuis leur apparition dans le grand public, au milieu des ann\u00e9es 1990. Converti \u00e0 la photographie num\u00e9rique au milieu des ann\u00e9es 2000 et initi\u00e9 \u00e0 l\u2019art sonore au d\u00e9but des ann\u00e9es 2010, il d\u00e9veloppe depuis une pratique hybride alliant arts vivants, arts m\u00e9diatiques et arts litt\u00e9raires, notamment \u00e0 travers divers projets de recherche-cr\u00e9ation documentaire r\u00e9alis\u00e9s en marge de bourses en journalisme. Son approche de r\u00e9flexion et de cr\u00e9ation g\u00e9opo\u00e9tique int\u00e8gre des th\u00e8mes de biophilie et s\u2019int\u00e9resse aux mutations du paysage (post)industriel ainsi qu\u2019\u00e0 l\u2019\u00e9volution du rapport humain-machine. C\u2019est cette sensibilit\u00e9 artistique, doubl\u00e9e d\u2019une solide exp\u00e9rience comme gestionnaire culturel, qu\u2019il souhaite mettre au service de la mission de TOPO et de son d\u00e9veloppement comme p\u00f4le d\u2019avant-garde en cr\u00e9ation num\u00e9rique.<\/p><p>\u00ab Pour avoir d\u00e9j\u00e0 travers\u00e9 des transitions de direction, j\u2019ai pleinement conscience du d\u00e9fi humain et organisationnel que repr\u00e9sente le fait d\u2019assurer une continuit\u00e9 tout en insufflant une nouvelle direction \u00e0 un organisme. \u00bb<\/p><p style=\"padding-left: 40px;\"><strong>\u00a0&#8211; Simon Van Vliet, nouveau directeur g\u00e9n\u00e9ral de TOPO.<br \/><br \/><\/strong><\/p>\t\t\t\t\t\t\t\t<\/div>\n\t\t\t\t<\/div>\n\t\t\t\t<\/div>\n\t\t<div class=\"elementor-element elementor-element-be96f85 e-flex e-con-boxed e-con e-parent\" data-id=\"be96f85\" data-element_type=\"container\" data-e-type=\"container\">\n\t\t\t\t\t<div class=\"e-con-inner\">\n\t\t\t\t<div class=\"elementor-element elementor-element-7792bcd elementor-widget elementor-widget-heading\" data-id=\"7792bcd\" data-element_type=\"widget\" data-e-type=\"widget\" data-widget_type=\"heading.default\">\n\t\t\t\t<div class=\"elementor-widget-container\">\n\t\t\t\t\t<h2 class=\"elementor-heading-title elementor-size-default\">Renouveau au conseil d\u2019administration<\/h2>\t\t\t\t<\/div>\n\t\t\t\t<\/div>\n\t\t\t\t\t<\/div>\n\t\t\t\t<\/div>\n\t\t<div class=\"elementor-element elementor-element-9f28400 e-flex e-con-boxed e-con e-parent\" data-id=\"9f28400\" data-element_type=\"container\" data-e-type=\"container\">\n\t\t\t\t\t<div class=\"e-con-inner\">\n\t\t\t\t<div class=\"elementor-element elementor-element-d59955e elementor-widget elementor-widget-text-editor\" data-id=\"d59955e\" data-element_type=\"widget\" data-e-type=\"widget\" data-widget_type=\"text-editor.default\">\n\t\t\t\t<div class=\"elementor-widget-container\">\n\t\t\t\t\t\t\t\t\t<p>TOPO salue par ailleurs l\u2019arriv\u00e9e de trois nouveaux membres au sein de son conseil d\u2019administration.<\/p><p>Il s\u2019agit de <b>Marek Blottiere<\/b>, gestionnaire de la valorisation et du transfert \u00e0 la Soci\u00e9t\u00e9 des arts technologiques (SAT), <strong>Olivier Nadeau<\/strong>, strat\u00e8ge marketing et directeur de compte chez Pop culture + num\u00e9rique et <strong>Pascale T\u00e9trault<\/strong>, artiste pluridisciplinaire et po\u00e8te.<\/p><p>Ces nouveaux membres se joignent \u00e0 <strong>Eva Quintas<\/strong>, cofondatrice de TOPO, artiste en arts visuels et num\u00e9riques, <strong>Sven Buridans<\/strong>, artiste multim\u00e9dia et directeur, Innovation et partenariats num\u00e9riques \u00e0 la F\u00e9d\u00e9ration culturelle canadienne-fran\u00e7aise (FCCF), <strong>Mathieu Troussel<\/strong>, designer, strat\u00e8ge et entrepreneur num\u00e9rique et <b>St\u00e9phanie Morissette<\/b>, artiste en arts visuels et num\u00e9riques.<\/p>\t\t\t\t\t\t\t\t<\/div>\n\t\t\t\t<\/div>\n\t\t\t\t\t<\/div>\n\t\t\t\t<\/div>\n\t\t<div class=\"elementor-element elementor-element-9401e6d e-flex e-con-boxed e-con e-parent\" data-id=\"9401e6d\" data-element_type=\"container\" data-e-type=\"container\">\n\t\t\t\t\t<div class=\"e-con-inner\">\n\t\t\t\t<div class=\"elementor-element elementor-element-47c87cf elementor-widget elementor-widget-heading\" data-id=\"47c87cf\" data-element_type=\"widget\" data-e-type=\"widget\" data-widget_type=\"heading.default\">\n\t\t\t\t<div class=\"elementor-widget-container\">\n\t\t\t\t\t<h2 class=\"elementor-heading-title elementor-size-default\">Remerciements <\/h2>\t\t\t\t<\/div>\n\t\t\t\t<\/div>\n\t\t\t\t\t<\/div>\n\t\t\t\t<\/div>\n\t\t<div class=\"elementor-element elementor-element-7cbbfc5 e-flex e-con-boxed e-con e-parent\" data-id=\"7cbbfc5\" data-element_type=\"container\" data-e-type=\"container\">\n\t\t\t\t\t<div class=\"e-con-inner\">\n\t\t\t\t<div class=\"elementor-element elementor-element-191a0d6 elementor-widget elementor-widget-text-editor\" data-id=\"191a0d6\" data-element_type=\"widget\" data-e-type=\"widget\" data-widget_type=\"text-editor.default\">\n\t\t\t\t<div class=\"elementor-widget-container\">\n\t\t\t\t\t\t\t\t\t<hr \/><p>TOPO remercie chaleureusement les membres du CA sortant, <strong>Marie Eve Berlinger<\/strong>, <strong>Myl\u00e8ne Augustin<\/strong> and <strong>Gabriel Galvis,<\/strong> ainsi que le directeur sortant, <strong>Michel Lefebvre<\/strong> pour leur engagement soutenu au cours des ann\u00e9es.<\/p><p>\u00ab Je remercie mes coll\u00e8gues d&rsquo;avoir mobilis\u00e9 leurs forces vives durant cette ann\u00e9e de transition. Je remercie aussi chaleureusement Michel Lefebvre pour avoir toujours cru que l\u2019art num\u00e9rique pouvait \u00eatre un formidable pr\u00e9texte pour cr\u00e9er des liens. Son talent r\u00e9sonnera encore longtemps entre les murs de TOPO. \u00bb<\/p><p style=\"padding-left: 40px;\"><strong>\u00a0&#8211; Sven Buridans, pr\u00e9sident du CA.<\/strong><\/p>\t\t\t\t\t\t\t\t<\/div>\n\t\t\t\t<\/div>\n\t\t\t\t\t<\/div>\n\t\t\t\t<\/div>\n\t\t<div class=\"elementor-element elementor-element-aa17240 e-flex e-con-boxed e-con e-parent\" data-id=\"aa17240\" data-element_type=\"container\" data-e-type=\"container\">\n\t\t\t\t\t<div class=\"e-con-inner\">\n\t\t\t\t<div class=\"elementor-element elementor-element-d120649 elementor-widget elementor-widget-text-editor\" data-id=\"d120649\" data-element_type=\"widget\" data-e-type=\"widget\" data-widget_type=\"text-editor.default\">\n\t\t\t\t<div class=\"elementor-widget-container\">\n\t\t\t\t\t\t\t\t\t<hr \/><p><strong>L\u00e9gende image<\/strong><br \/>La direction et le conseil d&rsquo;administration de TOPO (de gauche \u00e0 droite) : Michel Lefebvre, directeur sortant, Marie-\u00c8ve Berlinger, Olivier Nadeau, Myl\u00e8ne Augustin, Gabriel Galvis, Eva Quintas, Mathieu Troussel, Pascale T\u00e9trault, Marek Blotierre, Sven Buridans et Simon Van Vliet, directeur entrant (absente sur la photo St\u00e9phanie Morissette).<\/p>\t\t\t\t\t\t\t\t<\/div>\n\t\t\t\t<\/div>\n\t\t\t\t\t<\/div>\n\t\t\t\t<\/div>\n\t\t\t\t<\/div>","protected":false},"excerpt":{"rendered":"<p>Michel Lefebvre passe le flambeau Apr\u00e8s plus de 25 ans \u00e0 la direction de TOPO \u2013 Centre de cr\u00e9ation num\u00e9rique, Michel Lefebvre a pass\u00e9 le flambeau \u00e0 Simon Van Vliet lors de l\u2019assembl\u00e9e g\u00e9n\u00e9rale annuelle de l\u2019organisme, le 1er septembre 2026. \u00ab Je vais poursuivre mon engagement et rester associ\u00e9 \u00e0 certains projets. J\u2019ai pleinement [&hellip;]<\/p>","protected":false},"author":1,"featured_media":9999,"comment_status":"closed","ping_status":"open","sticky":false,"template":"","format":"standard","meta":{"_acf_changed":false,"footnotes":""},"categories":[1],"tags":[],"class_list":["post-9997","post","type-post","status-publish","format-standard","has-post-thumbnail","hentry","category-uncategorized"],"acf":[],"yoast_head":"<!-- This site is optimized with the Yoast SEO plugin v27.8 - https:\/\/yoast.com\/product\/yoast-seo-wordpress\/ -->\n<title>Une nouvelle direction pour TOPO! &#8226; TOPO - Centre de cr\u00e9ation num\u00e9rique<\/title>\n<meta name=\"robots\" content=\"index, follow, max-snippet:-1, max-image-preview:large, max-video-preview:-1\" \/>\n<link rel=\"canonical\" href=\"https:\/\/topo.art\/en\/une-nouvelle-direction-pour-topo\/\" \/>\n<meta property=\"og:locale\" content=\"en_US\" \/>\n<meta property=\"og:type\" content=\"article\" \/>\n<meta property=\"og:title\" content=\"Une nouvelle direction pour TOPO! &#8226; TOPO - Centre de cr\u00e9ation num\u00e9rique\" \/>\n<meta property=\"og:description\" content=\"Michel Lefebvre passe le flambeau Apr\u00e8s plus de 25 ans \u00e0 la direction de TOPO \u2013 Centre de cr\u00e9ation num\u00e9rique, Michel Lefebvre a pass\u00e9 le flambeau \u00e0 Simon Van Vliet lors de l\u2019assembl\u00e9e g\u00e9n\u00e9rale annuelle de l\u2019organisme, le 1er septembre 2026. \u00ab Je vais poursuivre mon engagement et rester associ\u00e9 \u00e0 certains projets. J\u2019ai pleinement [&hellip;]\" \/>\n<meta property=\"og:url\" content=\"https:\/\/topo.art\/en\/une-nouvelle-direction-pour-topo\/\" \/>\n<meta property=\"og:site_name\" content=\"TOPO - Centre de cr\u00e9ation num\u00e9rique\" \/>\n<meta property=\"article:publisher\" content=\"https:\/\/www.facebook.com\/topomtl\" \/>\n<meta property=\"article:published_time\" content=\"2026-09-03T19:43:34+00:00\" \/>\n<meta property=\"article:modified_time\" content=\"2026-09-03T19:47:26+00:00\" \/>\n<meta property=\"og:image\" content=\"https:\/\/topo.art\/chantier\/wp-content\/uploads\/2026\/09\/CA-sortant-entrant-16x9-1.jpg\" \/>\n\t<meta property=\"og:image:width\" content=\"1920\" \/>\n\t<meta property=\"og:image:height\" content=\"1080\" \/>\n\t<meta property=\"og:image:type\" content=\"image\/jpeg\" \/>\n<meta name=\"author\" content=\"Cosmo\" \/>\n<meta name=\"twitter:card\" content=\"summary_large_image\" \/>\n<meta name=\"twitter:label1\" content=\"Written by\" \/>\n\t<meta name=\"twitter:data1\" content=\"Cosmo\" \/>\n\t<meta name=\"twitter:label2\" content=\"Est. reading time\" \/>\n\t<meta name=\"twitter:data2\" content=\"4 minutes\" \/>\n<script type=\"application\/ld+json\" class=\"yoast-schema-graph\">{\"@context\":\"https:\\\/\\\/schema.org\",\"@graph\":[{\"@type\":\"Article\",\"@id\":\"https:\\\/\\\/topo.art\\\/une-nouvelle-direction-pour-topo\\\/#article\",\"isPartOf\":{\"@id\":\"https:\\\/\\\/topo.art\\\/une-nouvelle-direction-pour-topo\\\/\"},\"author\":{\"name\":\"Cosmo\",\"@id\":\"https:\\\/\\\/topo.art\\\/#\\\/schema\\\/person\\\/dea2a00fd9d503481fb15c8d2c3cbe7f\"},\"headline\":\"Une nouvelle direction pour TOPO!\",\"datePublished\":\"2026-09-03T19:43:34+00:00\",\"dateModified\":\"2026-09-03T19:47:26+00:00\",\"mainEntityOfPage\":{\"@id\":\"https:\\\/\\\/topo.art\\\/une-nouvelle-direction-pour-topo\\\/\"},\"wordCount\":700,\"publisher\":{\"@id\":\"https:\\\/\\\/topo.art\\\/#organization\"},\"image\":{\"@id\":\"https:\\\/\\\/topo.art\\\/une-nouvelle-direction-pour-topo\\\/#primaryimage\"},\"thumbnailUrl\":\"https:\\\/\\\/i0.wp.com\\\/topo.art\\\/chantier\\\/wp-content\\\/uploads\\\/2026\\\/09\\\/CA-sortant-entrant-16x9-1.jpg?fit=1920%2C1080&ssl=1\",\"inLanguage\":\"en-CA\"},{\"@type\":\"WebPage\",\"@id\":\"https:\\\/\\\/topo.art\\\/une-nouvelle-direction-pour-topo\\\/\",\"url\":\"https:\\\/\\\/topo.art\\\/une-nouvelle-direction-pour-topo\\\/\",\"name\":\"Une nouvelle direction pour TOPO! &#8226; TOPO - Centre de cr\u00e9ation num\u00e9rique\",\"isPartOf\":{\"@id\":\"https:\\\/\\\/topo.art\\\/#website\"},\"primaryImageOfPage\":{\"@id\":\"https:\\\/\\\/topo.art\\\/une-nouvelle-direction-pour-topo\\\/#primaryimage\"},\"image\":{\"@id\":\"https:\\\/\\\/topo.art\\\/une-nouvelle-direction-pour-topo\\\/#primaryimage\"},\"thumbnailUrl\":\"https:\\\/\\\/i0.wp.com\\\/topo.art\\\/chantier\\\/wp-content\\\/uploads\\\/2026\\\/09\\\/CA-sortant-entrant-16x9-1.jpg?fit=1920%2C1080&ssl=1\",\"datePublished\":\"2026-09-03T19:43:34+00:00\",\"dateModified\":\"2026-09-03T19:47:26+00:00\",\"breadcrumb\":{\"@id\":\"https:\\\/\\\/topo.art\\\/une-nouvelle-direction-pour-topo\\\/#breadcrumb\"},\"inLanguage\":\"en-CA\",\"potentialAction\":[{\"@type\":\"ReadAction\",\"target\":[\"https:\\\/\\\/topo.art\\\/une-nouvelle-direction-pour-topo\\\/\"]}]},{\"@type\":\"ImageObject\",\"inLanguage\":\"en-CA\",\"@id\":\"https:\\\/\\\/topo.art\\\/une-nouvelle-direction-pour-topo\\\/#primaryimage\",\"url\":\"https:\\\/\\\/i0.wp.com\\\/topo.art\\\/chantier\\\/wp-content\\\/uploads\\\/2026\\\/09\\\/CA-sortant-entrant-16x9-1.jpg?fit=1920%2C1080&ssl=1\",\"contentUrl\":\"https:\\\/\\\/i0.wp.com\\\/topo.art\\\/chantier\\\/wp-content\\\/uploads\\\/2026\\\/09\\\/CA-sortant-entrant-16x9-1.jpg?fit=1920%2C1080&ssl=1\",\"width\":1920,\"height\":1080,\"caption\":\"CA TOPO 2026 - entrant et sortant\"},{\"@type\":\"BreadcrumbList\",\"@id\":\"https:\\\/\\\/topo.art\\\/une-nouvelle-direction-pour-topo\\\/#breadcrumb\",\"itemListElement\":[{\"@type\":\"ListItem\",\"position\":1,\"name\":\"Accueil\",\"item\":\"https:\\\/\\\/topo.art\\\/\"},{\"@type\":\"ListItem\",\"position\":2,\"name\":\"Une nouvelle direction pour TOPO!\"}]},{\"@type\":\"WebSite\",\"@id\":\"https:\\\/\\\/topo.art\\\/#website\",\"url\":\"https:\\\/\\\/topo.art\\\/\",\"name\":\"TOPO - Centre de cr\u00e9ation num\u00e9rique\",\"description\":\"Centre d&#039;artistes montr\u00e9alais en art num\u00e9rique.\",\"publisher\":{\"@id\":\"https:\\\/\\\/topo.art\\\/#organization\"},\"alternateName\":\"TOPO\",\"potentialAction\":[{\"@type\":\"SearchAction\",\"target\":{\"@type\":\"EntryPoint\",\"urlTemplate\":\"https:\\\/\\\/topo.art\\\/?s={search_term_string}\"},\"query-input\":{\"@type\":\"PropertyValueSpecification\",\"valueRequired\":true,\"valueName\":\"search_term_string\"}}],\"inLanguage\":\"en-CA\"},{\"@type\":\"Organization\",\"@id\":\"https:\\\/\\\/topo.art\\\/#organization\",\"name\":\"TOPO - Centre de cr\u00e9ation num\u00e9rique\",\"alternateName\":\"TOPO\",\"url\":\"https:\\\/\\\/topo.art\\\/\",\"logo\":{\"@type\":\"ImageObject\",\"inLanguage\":\"en-CA\",\"@id\":\"https:\\\/\\\/topo.art\\\/#\\\/schema\\\/logo\\\/image\\\/\",\"url\":\"https:\\\/\\\/topo.art\\\/chantier\\\/wp-content\\\/uploads\\\/2024\\\/01\\\/logo_topo2024.svg\",\"contentUrl\":\"https:\\\/\\\/topo.art\\\/chantier\\\/wp-content\\\/uploads\\\/2024\\\/01\\\/logo_topo2024.svg\",\"width\":887,\"height\":250,\"caption\":\"TOPO - Centre de cr\u00e9ation num\u00e9rique\"},\"image\":{\"@id\":\"https:\\\/\\\/topo.art\\\/#\\\/schema\\\/logo\\\/image\\\/\"},\"sameAs\":[\"https:\\\/\\\/www.facebook.com\\\/topomtl\",\"https:\\\/\\\/www.instagram.com\\\/topo_mtl\\\/\",\"https:\\\/\\\/bsky.app\\\/profile\\\/topo-mtl.bsky.social\"]},{\"@type\":\"Person\",\"@id\":\"https:\\\/\\\/topo.art\\\/#\\\/schema\\\/person\\\/dea2a00fd9d503481fb15c8d2c3cbe7f\",\"name\":\"Cosmo\",\"image\":{\"@type\":\"ImageObject\",\"inLanguage\":\"en-CA\",\"@id\":\"https:\\\/\\\/secure.gravatar.com\\\/avatar\\\/9619fa814e1cb70985b61b2bab035b288c17a79f5b2ee144082495f8f9b9166a?s=96&d=mm&r=g\",\"url\":\"https:\\\/\\\/secure.gravatar.com\\\/avatar\\\/9619fa814e1cb70985b61b2bab035b288c17a79f5b2ee144082495f8f9b9166a?s=96&d=mm&r=g\",\"contentUrl\":\"https:\\\/\\\/secure.gravatar.com\\\/avatar\\\/9619fa814e1cb70985b61b2bab035b288c17a79f5b2ee144082495f8f9b9166a?s=96&d=mm&r=g\",\"caption\":\"Cosmo\"},\"sameAs\":[\"https:\\\/\\\/topo.art\\\/chantier\"]}]}<\/script>\n<!-- \/ Yoast SEO plugin. -->","yoast_head_json":{"title":"Une nouvelle direction pour TOPO! &#8226; TOPO - Centre de cr\u00e9ation num\u00e9rique","robots":{"index":"index","follow":"follow","max-snippet":"max-snippet:-1","max-image-preview":"max-image-preview:large","max-video-preview":"max-video-preview:-1"},"canonical":"https:\/\/topo.art\/en\/une-nouvelle-direction-pour-topo\/","og_locale":"en_US","og_type":"article","og_title":"Une nouvelle direction pour TOPO! &#8226; TOPO - Centre de cr\u00e9ation num\u00e9rique","og_description":"Michel Lefebvre passe le flambeau Apr\u00e8s plus de 25 ans \u00e0 la direction de TOPO \u2013 Centre de cr\u00e9ation num\u00e9rique, Michel Lefebvre a pass\u00e9 le flambeau \u00e0 Simon Van Vliet lors de l\u2019assembl\u00e9e g\u00e9n\u00e9rale annuelle de l\u2019organisme, le 1er septembre 2026. \u00ab Je vais poursuivre mon engagement et rester associ\u00e9 \u00e0 certains projets. J\u2019ai pleinement [&hellip;]","og_url":"https:\/\/topo.art\/en\/une-nouvelle-direction-pour-topo\/","og_site_name":"TOPO - Centre de cr\u00e9ation num\u00e9rique","article_publisher":"https:\/\/www.facebook.com\/topomtl","article_published_time":"2026-09-03T19:43:34+00:00","article_modified_time":"2026-09-03T19:47:26+00:00","og_image":[{"width":1920,"height":1080,"url":"https:\/\/topo.art\/chantier\/wp-content\/uploads\/2026\/09\/CA-sortant-entrant-16x9-1.jpg","type":"image\/jpeg"}],"author":"Cosmo","twitter_card":"summary_large_image","twitter_misc":{"Written by":"Cosmo","Est. reading time":"4 minutes"},"schema":{"@context":"https:\/\/schema.org","@graph":[{"@type":"Article","@id":"https:\/\/topo.art\/une-nouvelle-direction-pour-topo\/#article","isPartOf":{"@id":"https:\/\/topo.art\/une-nouvelle-direction-pour-topo\/"},"author":{"name":"Cosmo","@id":"https:\/\/topo.art\/#\/schema\/person\/dea2a00fd9d503481fb15c8d2c3cbe7f"},"headline":"Une nouvelle direction pour TOPO!","datePublished":"2026-09-03T19:43:34+00:00","dateModified":"2026-09-03T19:47:26+00:00","mainEntityOfPage":{"@id":"https:\/\/topo.art\/une-nouvelle-direction-pour-topo\/"},"wordCount":700,"publisher":{"@id":"https:\/\/topo.art\/#organization"},"image":{"@id":"https:\/\/topo.art\/une-nouvelle-direction-pour-topo\/#primaryimage"},"thumbnailUrl":"https:\/\/i0.wp.com\/topo.art\/chantier\/wp-content\/uploads\/2026\/09\/CA-sortant-entrant-16x9-1.jpg?fit=1920%2C1080&ssl=1","inLanguage":"en-CA"},{"@type":"WebPage","@id":"https:\/\/topo.art\/une-nouvelle-direction-pour-topo\/","url":"https:\/\/topo.art\/une-nouvelle-direction-pour-topo\/","name":"Une nouvelle direction pour TOPO! &#8226; TOPO - Centre de cr\u00e9ation num\u00e9rique","isPartOf":{"@id":"https:\/\/topo.art\/#website"},"primaryImageOfPage":{"@id":"https:\/\/topo.art\/une-nouvelle-direction-pour-topo\/#primaryimage"},"image":{"@id":"https:\/\/topo.art\/une-nouvelle-direction-pour-topo\/#primaryimage"},"thumbnailUrl":"https:\/\/i0.wp.com\/topo.art\/chantier\/wp-content\/uploads\/2026\/09\/CA-sortant-entrant-16x9-1.jpg?fit=1920%2C1080&ssl=1","datePublished":"2026-09-03T19:43:34+00:00","dateModified":"2026-09-03T19:47:26+00:00","breadcrumb":{"@id":"https:\/\/topo.art\/une-nouvelle-direction-pour-topo\/#breadcrumb"},"inLanguage":"en-CA","potentialAction":[{"@type":"ReadAction","target":["https:\/\/topo.art\/une-nouvelle-direction-pour-topo\/"]}]},{"@type":"ImageObject","inLanguage":"en-CA","@id":"https:\/\/topo.art\/une-nouvelle-direction-pour-topo\/#primaryimage","url":"https:\/\/i0.wp.com\/topo.art\/chantier\/wp-content\/uploads\/2026\/09\/CA-sortant-entrant-16x9-1.jpg?fit=1920%2C1080&ssl=1","contentUrl":"https:\/\/i0.wp.com\/topo.art\/chantier\/wp-content\/uploads\/2026\/09\/CA-sortant-entrant-16x9-1.jpg?fit=1920%2C1080&ssl=1","width":1920,"height":1080,"caption":"CA TOPO 2026 - entrant et sortant"},{"@type":"BreadcrumbList","@id":"https:\/\/topo.art\/une-nouvelle-direction-pour-topo\/#breadcrumb","itemListElement":[{"@type":"ListItem","position":1,"name":"Accueil","item":"https:\/\/topo.art\/"},{"@type":"ListItem","position":2,"name":"Une nouvelle direction pour TOPO!"}]},{"@type":"WebSite","@id":"https:\/\/topo.art\/#website","url":"https:\/\/topo.art\/","name":"TOPO - Centre de cr\u00e9ation num\u00e9rique","description":"Centre d&#039;artistes montr\u00e9alais en art num\u00e9rique.","publisher":{"@id":"https:\/\/topo.art\/#organization"},"alternateName":"TOPO","potentialAction":[{"@type":"SearchAction","target":{"@type":"EntryPoint","urlTemplate":"https:\/\/topo.art\/?s={search_term_string}"},"query-input":{"@type":"PropertyValueSpecification","valueRequired":true,"valueName":"search_term_string"}}],"inLanguage":"en-CA"},{"@type":"Organization","@id":"https:\/\/topo.art\/#organization","name":"TOPO - Centre de cr\u00e9ation num\u00e9rique","alternateName":"TOPO","url":"https:\/\/topo.art\/","logo":{"@type":"ImageObject","inLanguage":"en-CA","@id":"https:\/\/topo.art\/#\/schema\/logo\/image\/","url":"https:\/\/topo.art\/chantier\/wp-content\/uploads\/2024\/01\/logo_topo2024.svg","contentUrl":"https:\/\/topo.art\/chantier\/wp-content\/uploads\/2024\/01\/logo_topo2024.svg","width":887,"height":250,"caption":"TOPO - Centre de cr\u00e9ation num\u00e9rique"},"image":{"@id":"https:\/\/topo.art\/#\/schema\/logo\/image\/"},"sameAs":["https:\/\/www.facebook.com\/topomtl","https:\/\/www.instagram.com\/topo_mtl\/","https:\/\/bsky.app\/profile\/topo-mtl.bsky.social"]},{"@type":"Person","@id":"https:\/\/topo.art\/#\/schema\/person\/dea2a00fd9d503481fb15c8d2c3cbe7f","name":"Cosmo","image":{"@type":"ImageObject","inLanguage":"en-CA","@id":"https:\/\/secure.gravatar.com\/avatar\/9619fa814e1cb70985b61b2bab035b288c17a79f5b2ee144082495f8f9b9166a?s=96&d=mm&r=g","url":"https:\/\/secure.gravatar.com\/avatar\/9619fa814e1cb70985b61b2bab035b288c17a79f5b2ee144082495f8f9b9166a?s=96&d=mm&r=g","contentUrl":"https:\/\/secure.gravatar.com\/avatar\/9619fa814e1cb70985b61b2bab035b288c17a79f5b2ee144082495f8f9b9166a?s=96&d=mm&r=g","caption":"Cosmo"},"sameAs":["https:\/\/topo.art\/chantier"]}]}},"_links":{"self":[{"href":"https:\/\/topo.art\/en\/wp-json\/wp\/v2\/posts\/9997","targetHints":{"allow":["GET"]}}],"collection":[{"href":"https:\/\/topo.art\/en\/wp-json\/wp\/v2\/posts"}],"about":[{"href":"https:\/\/topo.art\/en\/wp-json\/wp\/v2\/types\/post"}],"author":[{"embeddable":true,"href":"https:\/\/topo.art\/en\/wp-json\/wp\/v2\/users\/1"}],"replies":[{"embeddable":true,"href":"https:\/\/topo.art\/en\/wp-json\/wp\/v2\/comments?post=9997"}],"version-history":[{"count":10,"href":"https:\/\/topo.art\/en\/wp-json\/wp\/v2\/posts\/9997\/revisions"}],"predecessor-version":[{"id":10009,"href":"https:\/\/topo.art\/en\/wp-json\/wp\/v2\/posts\/9997\/revisions\/10009"}],"wp:featuredmedia":[{"embeddable":true,"href":"https:\/\/topo.art\/en\/wp-json\/wp\/v2\/media\/9999"}],"wp:attachment":[{"href":"https:\/\/topo.art\/en\/wp-json\/wp\/v2\/media?parent=9997"}],"wp:term":[{"taxonomy":"category","embeddable":true,"href":"https:\/\/topo.art\/en\/wp-json\/wp\/v2\/categories?post=9997"},{"taxonomy":"post_tag","embeddable":true,"href":"https:\/\/topo.art\/en\/wp-json\/wp\/v2\/tags?post=9997"}],"curies":[{"name":"wp","href":"https:\/\/api.w.org\/{rel}","templated":true}]}}