{"id":9753,"date":"2026-04-28T15:19:39","date_gmt":"2026-04-28T19:19:39","guid":{"rendered":"https:\/\/topo.art\/?p=9753"},"modified":"2026-04-28T15:28:59","modified_gmt":"2026-04-28T19:28:59","slug":"offre-demploi-direction-generale","status":"publish","type":"post","link":"https:\/\/topo.art\/en\/offre-demploi-direction-generale\/","title":{"rendered":"Offre d&#8217;emploi &#8211; Direction G\u00e9n\u00e9rale"},"content":{"rendered":"<div data-elementor-type=\"wp-post\" data-elementor-id=\"9753\" class=\"elementor elementor-9753\" data-elementor-post-type=\"post\">\n\t\t\t\t<div class=\"elementor-element elementor-element-2ad97ab e-flex e-con-boxed e-con e-parent\" data-id=\"2ad97ab\" data-element_type=\"container\">\n\t\t\t\t\t<div class=\"e-con-inner\">\n\t\t\t\t<div class=\"elementor-element elementor-element-5c76ada elementor-widget elementor-widget-text-editor\" data-id=\"5c76ada\" data-element_type=\"widget\" data-widget_type=\"text-editor.default\">\n\t\t\t\t<div class=\"elementor-widget-container\">\n\t\t\t\t\t\t\t\t\t<p><strong>TOPO \u2013 Centre de cr\u00e9ation num\u00e9rique annonce que son cofondateur et directeur g\u00e9n\u00e9ral, Michel Lefebvre, quittera ses fonctions le 30 juin 2026, apr\u00e8s un engagement de plus de 25 ans. Son parcours a \u00e9t\u00e9 marqu\u00e9 par un d\u00e9vouement soutenu envers le rayonnement des pratiques contemporaines, interdisciplinaires et collaboratives en arts et litt\u00e9rature num\u00e9riques.<\/strong><\/p><p>Au tournant des ann\u00e9es 2000, Michel Lefebvre aura positionn\u00e9 TOPO comme un organisme de r\u00e9f\u00e9rence des nouvelles formes de narrativit\u00e9 inh\u00e9rentes au multim\u00e9dia en produisant, \u00e9ditant et distribuant des \u0153uvres de fiction interactive sur le web et sur les supports de diffusion num\u00e9rique correspondants aux technologies de l\u2019\u00e9poque. Depuis, TOPO occupe une niche distinctive au Qu\u00e9bec dans le r\u00e9seau des centres d\u2019artistes. Avec ses diff\u00e9rents cycles d\u2019\u0153uvres et de productions, TOPO est rest\u00e9 engag\u00e9 autour des valeurs fortes qui ont constitu\u00e9 les origines de sa fondation, c\u2019est-\u00e0-dire la cr\u00e9ation interdisciplinaire mettant en relation, via les arts num\u00e9riques, le texte, les mots, la parole, l\u2019image et le son, dans un souci d\u2019ancrage social et d\u2019exploration de nouvelles voies d\u2019\u00e9criture et de diffusion.<\/p><blockquote><p>\u00ab Au nom du conseil d\u2019administration de TOPO, je tiens \u00e0 remercier chaleureusement Michel Lefebvre et \u00e0 exprimer notre sinc\u00e8re reconnaissance pour l\u2019engagement exceptionnel dont il a fait preuve au cours des vingt derni\u00e8res ann\u00e9es. Gr\u00e2ce \u00e0 sa vision et \u00e0 sa pers\u00e9v\u00e9rance, il a su faire de TOPO un pilier de la cr\u00e9ation num\u00e9rique au Qu\u00e9bec et un organisme respect\u00e9 au sein des centres d\u2019artistes autog\u00e9r\u00e9s, tout en tissant des liens durables avec les artistes, la communaut\u00e9 professionnelle et les partenaires. Son legs continuera d\u2019inspirer et de porter le d\u00e9veloppement du centre dans ce nouveau cycle.\u00a0\u00bb<\/p><p>&#8211; Sven Buridans, pr\u00e9sident de TOPO<\/p><\/blockquote><p><strong>Le conseil d\u2019administration lui souhaite le meilleur succ\u00e8s dans la poursuite de ses activit\u00e9s cr\u00e9atives et professionnelles.<\/strong><\/p><blockquote><p><i>\u00ab <\/i>Malgr\u00e9 les difficult\u00e9s \u00e0 structurer un centre d&rsquo;artistes depuis les ann\u00e9es 2000, nous avons r\u00e9ussi \u00e0 \u00e9tablir une structure viable avec une vision significative en arts num\u00e9riques. Je suis fier de tous les projets accomplis par l&rsquo;organisme au fil des ans avec la contribution pr\u00e9cieuse des membres du conseil d&rsquo;administration ainsi que d&rsquo;un personnel qui s&rsquo;est investi g\u00e9n\u00e9reusement. On a contribu\u00e9 \u00e0 des projets innovants, accompagn\u00e9 des artistes dans leur parcours, fait du d\u00e9veloppement sectoriel, d\u00e9velopp\u00e9 des comp\u00e9tences, et on a souvent eu du <i>fun<\/i>. \u00bb<\/p><p>&#8211; Michel Lefebvre, directeur g\u00e9n\u00e9ral de TOPO<\/p><\/blockquote><p><strong>Le processus visant \u00e0 d\u00e9signer une nouvelle direction g\u00e9n\u00e9rale de TOPO est maintenant lanc\u00e9. Les membres du conseil d\u2019administration, tout comme le directeur sortant, restent pleinement engag\u00e9s afin d\u2019assurer une transition harmonieuse.<\/strong><\/p><h2>\u00a0<\/h2><h2 class=\"p1\"><b>OFFRE D\u2019EMPLOI &#8211; <\/b><b>DIRECTION G\u00c9N\u00c9RALE<\/b><b><\/b><\/h2><p class=\"p4\">TOPO is a Montreal-based artist-run centre whose mission is to assist and equip artists in their exploration of contemporary digital art and litterature practices.<\/p><p class=\"p4\">TOPO is a pioneering organisation in web art in Quebec, a place of convergence for interdisciplinary and collaborative digital practices which contribute to the writing of contemporary narratives of the present day and to outlining the transmedia imaginaries of tomorrow. Rooted in its community, TOPO is part of the evolution of interactive arts and media, joining past and present, memory and future to bring about new narratives and new transitions.<\/p><p class=\"p4\">TOPO contribuent au d\u00e9veloppement de son champ disciplinaire, au carrefour des arts visuels, de la litt\u00e9rature et des m\u00e9dias num\u00e9riques.<\/p><h3>\u00a0<\/h3><h3 class=\"p6\"><b>RESPONSABILIT\u00c9S<\/b><\/h3><p class=\"p6\">Sous l\u2019autorit\u00e9 du conseil d\u2019administration, la personne occupant le poste de la direction g\u00e9n\u00e9rale veille \u00e0 la r\u00e9alisation de la mission de TOPO avec les artistes, les membres, l\u2019\u00e9quipe, les collaborateurs et les partenaires. Elle incarne la vision artistique et strat\u00e9gique de l\u2019organisme et le repr\u00e9sente. Elle est responsable de la gestion des ressources humaines, mat\u00e9rielles et financi\u00e8res et de l\u2019organisation des diff\u00e9rentes activit\u00e9s de cr\u00e9ation, de production, de m\u00e9diation, de formation et de diffusion. Attentive \u00e0 l\u2019\u00e9volution des arts num\u00e9riques, la personne d\u00e9veloppe l\u2019organisme en imaginant des initiatives pertinentes \u00e0 son positionnement.<\/p><h3>\u00a0<\/h3><h3 class=\"p6\"><b>PROFIL<\/b><\/h3><p class=\"p6\">Ayant une connaissance soutenue des pratiques artistiques et des technologies num\u00e9riques, la personne recherch\u00e9e est ax\u00e9e sur l&rsquo;id\u00e9ation et le d\u00e9veloppement artistique et organisationnel avec une forte aptitude \u00e0 g\u00e9n\u00e9rer des projets. Ayant de bonnes capacit\u00e9s en gestion culturelle, elle doit bien comprendre les enjeux actuels des milieux artistiques, et prioritairement, ceux des arts visuels, m\u00e9diatiques et num\u00e9riques.<\/p><p class=\"p6\">\u00c0 l\u2019interne, elle doit faire preuve d\u2019un leadership bienveillant et flexible, mener son \u00e9quipe avec convivialit\u00e9 et d\u00e9velopper de bonne relation avec les artistes et membres des diff\u00e9rentes instances de TOPO (CA, comit\u00e9 artistique et membrariat).<\/p><p class=\"p6\">\u00c0 l\u2019externe, elle doit avoir une facilit\u00e9 communicationnelle pour collaborer avec des partenaires comme les bailleurs de fonds, les instances gouvernementales et d\u2019autres organismes.<\/p><h3>\u00a0<\/h3><h3 class=\"p6\"><b>COMP\u00c9TENCES ET LES QUALIT\u00c9S IDENTIFI\u00c9ES<\/b><\/h3><h5 class=\"p6\"><b>Qualit\u00e9s principales<\/b><\/h5><ul class=\"ul1\"><li class=\"li8\">Pens\u00e9e cr\u00e9ative et sensibilit\u00e9 artistique<\/li><li class=\"li8\">Leadership bienveillant et ouvert<\/li><li class=\"li8\">Sens strat\u00e9gique : d\u00e9cision en coh\u00e9rence avec la vision<\/li><li class=\"li8\">Vision de d\u00e9veloppement : faire cro\u00eetre et \u00e9voluer l\u2019organisme<\/li><li class=\"li8\">Grande habilet\u00e9 relationnelle avec de l\u2019\u00e9coute<\/li><li class=\"li8\">Capacit\u00e9 d\u2019adaptation, flexibilit\u00e9 et polyvalence<\/li><\/ul><h5>\u00a0<\/h5><h5 class=\"p6\"><b>Comp\u00e9tences principales <\/b><\/h5><ul class=\"ul1\"><li class=\"li8\">Visionnaire pragmatique avec capacit\u00e9 de concr\u00e9tiser les id\u00e9es<\/li><li class=\"li8\">Gestionnaire efficace avec une formation ou exp\u00e9rience pertinente<\/li><li class=\"li8\">Ma\u00eetrise de l\u2019environnement num\u00e9rique en arts et technologies<\/li><li class=\"li8\">Grande capacit\u00e9 de travailler par projets et de veiller \u00e0 les r\u00e9aliser<\/li><li class=\"li8\">Sens de l\u2019organisation et de la planification<\/li><li class=\"li6\">Jugement dans la prise de d\u00e9cisions<\/li><\/ul><h5>\u00a0<\/h5><h4 class=\"p6\"><b>DESCRIPTION DES T\u00c2CHES<\/b><\/h4><h5><b>Programmation, cr\u00e9ation et production<\/b><b><\/b><\/h5><ul class=\"ul1\"><li class=\"li8\">Imaginer, \u00e9laborer et r\u00e9aliser la programmation des diff\u00e9rentes activit\u00e9s et veiller \u00e0 leur rayonnement<\/li><li class=\"li8\">D\u00e9finir des projets, en d\u00e9tailler les besoins et solliciter des collaborations<\/li><li class=\"li8\">Coordonner le travail du comit\u00e9 artistique pour la s\u00e9lection artistique des projets<\/li><li class=\"li8\">Structurer et encadrer, en collaboration avec l\u2019\u00e9quipe, l\u2019accompagnement des artistes s\u00e9lectionn\u00e9s dans la cr\u00e9ation et la production de leurs projets num\u00e9riques en r\u00e9pondant autant que possible \u00e0 leurs besoins techniques<\/li><li class=\"li8\">Solliciter les collaborations pertinentes pour la r\u00e9alisation des projets<\/li><li class=\"li8\">Favoriser l&rsquo;excellence et l&rsquo;avancement disciplinaire<\/li><li class=\"li8\">Rester inform\u00e9 en menant des activit\u00e9s de veille technologique et artistique<\/li><li class=\"li8\">D\u00e9velopper des partenariats et effectuer du r\u00e9seautage<\/li><\/ul><h5>\u00a0<\/h5><h5 class=\"p8\"><b>Diffusion <\/b><\/h5><ul class=\"ul1\"><li class=\"li8\">Assurer la diffusion des \u0153uvres et des artistes<\/li><li class=\"li8\">D\u00e9velopper et encadrer les activit\u00e9s de m\u00e9diation<\/li><li class=\"li8\">Rechercher et n\u00e9gocier des partenariats de diffusion<\/li><\/ul><h5>\u00a0<\/h5><h5 class=\"p8\"><b>Formation et membrariat<\/b><\/h5><ul class=\"ul1\"><li class=\"li8\">Mettre en place un programme de formations num\u00e9riques<\/li><li class=\"li8\">Encourager la participation des membres de TOPO avec une offre de services et d\u2019animation<\/li><\/ul><h5>\u00a0<\/h5><h5 class=\"p8\"><b>Rayonnement<\/b><b><\/b><\/h5><ul class=\"ul1\"><li class=\"li8\">Maintenir, d\u00e9fendre et renforcer le positionnement de TOPO dans l\u2019\u00e9cosyst\u00e8me des arts num\u00e9riques<\/li><li class=\"li8\">Diriger et encadrer les communications de l\u2019organisme avec la personne responsable des communications<\/li><li class=\"li8\">Repr\u00e9senter l\u2019organisme dans les diff\u00e9rentes instances disciplinaires et comit\u00e9s sectoriels<\/li><li class=\"li8\">Veiller \u00e0 la mise \u00e0 jour du site internet, la cr\u00e9ation de contenu et la diffusion r\u00e9seau<\/li><\/ul><h5>\u00a0<\/h5><h5 class=\"p6\"><b>Financement<\/b><\/h5><ul class=\"ul1\"><li class=\"li8\">Assurer de la gestion financi\u00e8re et mat\u00e9rielle de l\u2019organisme<\/li><li class=\"li8\">\u00c9laborer des budgets et effectuer le suivi budg\u00e9taire<\/li><li class=\"li8\">Produire les demandes de subventions \u00e0 la mission (pluriannuelles) et aux projets et pr\u00e9parer les bilans demand\u00e9s<\/li><li class=\"li8\">Rechercher activement de nouvelles sources de financement public et priv\u00e9<\/li><\/ul><h5>\u00a0<\/h5><h5 class=\"p8\"><b>Ressources humaines<\/b><\/h5><ul class=\"ul1\"><li class=\"li8\">G\u00e9rer les ressources humaines (permanents, contractuels et b\u00e9n\u00e9voles) en veillant \u00e0 offrir un environnement de travail sain, \u00e9thique et s\u00e9curitaire<\/li><li class=\"li8\">Planifier le calendrier de travail et r\u00e9partir les t\u00e2ches en fonction des ressources<\/li><li class=\"li8\">Recruter du personnel par l&rsquo;obtention de subventions \u00e0 l&#8217;emploi ou de stages<\/li><\/ul><h5>\u00a0<\/h5><h5 class=\"p8\"><b>Ressources mat\u00e9rielles<\/b><\/h5><ul class=\"ul1\"><li class=\"li8\">Assurer la gestion g\u00e9n\u00e9rale du bureau et le bon \u00e9tat des lieux<\/li><li class=\"li8\">Superviser la location des espaces et du mat\u00e9riel avec la personne responsable de la technique<\/li><\/ul><h5>\u00a0<\/h5><h5 class=\"p8\"><b>Administration<\/b><\/h5><ul class=\"ul1\"><li class=\"li8\">Pr\u00e9parer les bilans et documents pour le conseil d\u2019administration<\/li><li class=\"li8\">R\u00e9diger et appliquer les politiques administratives<\/li><li class=\"li8\">N\u00e9gocier et d\u00e9finir les ententes avec les artistes et les partenaires<\/li><li class=\"li6\">R\u00e9pondre aux exigences administratives<\/li><\/ul><h4>\u00a0<\/h4><h4 class=\"p6\"><b>CONDITIONS DE TRAVAIL<\/b><\/h4><ul class=\"ul1\"><li class=\"li8\">Salaire\u00a0: 30$ \/ heure<\/li><li class=\"li8\">Poste \u00e0 28 heures par semaine (pr\u00e9sentiel et t\u00e9l\u00e9travail)<\/li><li class=\"li8\">Horaire flexible avec des pr\u00e9sences occasionnelles lors d\u2019\u00e9v\u00e9nements le soir et la fin de semaine<\/li><li class=\"li8\">Cong\u00e9 estival de 4 semaines et 2 semaines dans le temps des F\u00eates (13% de prime de vacances)<\/li><li class=\"li8\">Entr\u00e9e en fonction : lundi 3 ao\u00fbt 2026<\/li><li class=\"li8\">2 semaines de transition avec le directeur actuel<\/li><li class=\"li6\">P\u00e9riode de probation de 3 mois<\/li><\/ul><h4>\u00a0<\/h4><h4 class=\"p4\"><b>COMMENT POSTULER<\/b><\/h4><p class=\"p4\">Pour postuler au poste de direction g\u00e9n\u00e9rale, envoyer un curriculum vitae ainsi qu&rsquo;une lettre de pr\u00e9sentation indiquant votre int\u00e9r\u00eat et votre vision pour TOPO (maximum 1 000 mots) \u00e0 l&rsquo;adresse <strong><a href=\"mailto:candidature@topo.art\">candidature@topo.art<\/a><\/strong> <strong>au plus tard le vendredi 22 mai 2026<\/strong>.<\/p><p class=\"p4\">TOPO adh\u00e8re aux principes reconnus d&rsquo;\u00e9quit\u00e9, diversit\u00e9 et inclusion (EDI).<\/p><p class=\"p4\">TOPO remercie toutes les personnes qui poseront leur candidature. Seules les personnes dont la candidature sera retenue seront contact\u00e9es.<\/p><p class=\"p2\">\u00a0<\/p>\t\t\t\t\t\t\t\t<\/div>\n\t\t\t\t<\/div>\n\t\t\t\t\t<\/div>\n\t\t\t\t<\/div>\n\t\t\t\t<\/div>","protected":false},"excerpt":{"rendered":"<p>TOPO \u2013 Centre de cr\u00e9ation num\u00e9rique annonce que son cofondateur et directeur g\u00e9n\u00e9ral, Michel Lefebvre, quittera ses fonctions le 30 juin 2026, apr\u00e8s un engagement de plus de 25 ans. Son parcours a \u00e9t\u00e9 marqu\u00e9 par un d\u00e9vouement soutenu envers le rayonnement des pratiques contemporaines, interdisciplinaires et collaboratives en arts et litt\u00e9rature num\u00e9riques. Au tournant [&hellip;]<\/p>","protected":false},"author":1,"featured_media":9767,"comment_status":"closed","ping_status":"open","sticky":false,"template":"","format":"standard","meta":{"_acf_changed":false,"footnotes":""},"categories":[1],"tags":[],"class_list":["post-9753","post","type-post","status-publish","format-standard","has-post-thumbnail","hentry","category-uncategorized"],"acf":[],"yoast_head":"<!-- This site is optimized with the Yoast SEO plugin v25.3.1 - https:\/\/yoast.com\/wordpress\/plugins\/seo\/ -->\n<title>Offre d&#039;emploi - Direction G\u00e9n\u00e9rale &#8226; TOPO - Centre de cr\u00e9ation num\u00e9rique<\/title>\n<meta name=\"robots\" content=\"index, follow, max-snippet:-1, max-image-preview:large, max-video-preview:-1\" \/>\n<link rel=\"canonical\" href=\"https:\/\/topo.art\/en\/offre-demploi-direction-generale\/\" \/>\n<meta property=\"og:locale\" content=\"en_US\" \/>\n<meta property=\"og:type\" content=\"article\" \/>\n<meta property=\"og:title\" content=\"Offre d&#039;emploi - Direction G\u00e9n\u00e9rale &#8226; TOPO - Centre de cr\u00e9ation num\u00e9rique\" \/>\n<meta property=\"og:description\" content=\"TOPO \u2013 Centre de cr\u00e9ation num\u00e9rique annonce que son cofondateur et directeur g\u00e9n\u00e9ral, Michel Lefebvre, quittera ses fonctions le 30 juin 2026, apr\u00e8s un engagement de plus de 25 ans. Son parcours a \u00e9t\u00e9 marqu\u00e9 par un d\u00e9vouement soutenu envers le rayonnement des pratiques contemporaines, interdisciplinaires et collaboratives en arts et litt\u00e9rature num\u00e9riques. Au tournant [&hellip;]\" \/>\n<meta property=\"og:url\" content=\"https:\/\/topo.art\/en\/offre-demploi-direction-generale\/\" \/>\n<meta property=\"og:site_name\" content=\"TOPO - Centre de cr\u00e9ation num\u00e9rique\" \/>\n<meta property=\"article:publisher\" content=\"https:\/\/www.facebook.com\/topomtl\" \/>\n<meta property=\"article:published_time\" content=\"2026-04-28T19:19:39+00:00\" \/>\n<meta property=\"article:modified_time\" content=\"2026-04-28T19:28:59+00:00\" \/>\n<meta property=\"og:image\" content=\"https:\/\/topo.art\/chantier\/wp-content\/uploads\/2026\/04\/Poste-Direction-sans-texte-05.jpg\" \/>\n\t<meta property=\"og:image:width\" content=\"1920\" \/>\n\t<meta property=\"og:image:height\" content=\"1080\" \/>\n\t<meta property=\"og:image:type\" content=\"image\/jpeg\" \/>\n<meta name=\"author\" content=\"Cosmo\" \/>\n<meta name=\"twitter:card\" content=\"summary_large_image\" \/>\n<meta name=\"twitter:label1\" content=\"Written by\" \/>\n\t<meta name=\"twitter:data1\" content=\"Cosmo\" \/>\n\t<meta name=\"twitter:label2\" content=\"Est. reading time\" \/>\n\t<meta name=\"twitter:data2\" content=\"7 minutes\" \/>\n<script type=\"application\/ld+json\" class=\"yoast-schema-graph\">{\"@context\":\"https:\/\/schema.org\",\"@graph\":[{\"@type\":\"Article\",\"@id\":\"https:\/\/topo.art\/offre-demploi-direction-generale\/#article\",\"isPartOf\":{\"@id\":\"https:\/\/topo.art\/offre-demploi-direction-generale\/\"},\"author\":{\"name\":\"Cosmo\",\"@id\":\"https:\/\/topo.art\/#\/schema\/person\/dea2a00fd9d503481fb15c8d2c3cbe7f\"},\"headline\":\"Offre d&#8217;emploi &#8211; Direction G\u00e9n\u00e9rale\",\"datePublished\":\"2026-04-28T19:19:39+00:00\",\"dateModified\":\"2026-04-28T19:28:59+00:00\",\"mainEntityOfPage\":{\"@id\":\"https:\/\/topo.art\/offre-demploi-direction-generale\/\"},\"wordCount\":1540,\"publisher\":{\"@id\":\"https:\/\/topo.art\/#organization\"},\"image\":{\"@id\":\"https:\/\/topo.art\/offre-demploi-direction-generale\/#primaryimage\"},\"thumbnailUrl\":\"https:\/\/i0.wp.com\/topo.art\/chantier\/wp-content\/uploads\/2026\/04\/Poste-Direction-sans-texte-05.jpg?fit=1920%2C1080&ssl=1\",\"inLanguage\":\"en-CA\"},{\"@type\":\"WebPage\",\"@id\":\"https:\/\/topo.art\/offre-demploi-direction-generale\/\",\"url\":\"https:\/\/topo.art\/offre-demploi-direction-generale\/\",\"name\":\"Offre d'emploi - Direction G\u00e9n\u00e9rale &#8226; TOPO - Centre de cr\u00e9ation num\u00e9rique\",\"isPartOf\":{\"@id\":\"https:\/\/topo.art\/#website\"},\"primaryImageOfPage\":{\"@id\":\"https:\/\/topo.art\/offre-demploi-direction-generale\/#primaryimage\"},\"image\":{\"@id\":\"https:\/\/topo.art\/offre-demploi-direction-generale\/#primaryimage\"},\"thumbnailUrl\":\"https:\/\/i0.wp.com\/topo.art\/chantier\/wp-content\/uploads\/2026\/04\/Poste-Direction-sans-texte-05.jpg?fit=1920%2C1080&ssl=1\",\"datePublished\":\"2026-04-28T19:19:39+00:00\",\"dateModified\":\"2026-04-28T19:28:59+00:00\",\"breadcrumb\":{\"@id\":\"https:\/\/topo.art\/offre-demploi-direction-generale\/#breadcrumb\"},\"inLanguage\":\"en-CA\",\"potentialAction\":[{\"@type\":\"ReadAction\",\"target\":[\"https:\/\/topo.art\/offre-demploi-direction-generale\/\"]}]},{\"@type\":\"ImageObject\",\"inLanguage\":\"en-CA\",\"@id\":\"https:\/\/topo.art\/offre-demploi-direction-generale\/#primaryimage\",\"url\":\"https:\/\/i0.wp.com\/topo.art\/chantier\/wp-content\/uploads\/2026\/04\/Poste-Direction-sans-texte-05.jpg?fit=1920%2C1080&ssl=1\",\"contentUrl\":\"https:\/\/i0.wp.com\/topo.art\/chantier\/wp-content\/uploads\/2026\/04\/Poste-Direction-sans-texte-05.jpg?fit=1920%2C1080&ssl=1\",\"width\":1920,\"height\":1080,\"caption\":\"Offre emploi - Direction generale - TOPO\"},{\"@type\":\"BreadcrumbList\",\"@id\":\"https:\/\/topo.art\/offre-demploi-direction-generale\/#breadcrumb\",\"itemListElement\":[{\"@type\":\"ListItem\",\"position\":1,\"name\":\"Accueil\",\"item\":\"https:\/\/topo.art\/\"},{\"@type\":\"ListItem\",\"position\":2,\"name\":\"Offre d&#8217;emploi &#8211; Direction G\u00e9n\u00e9rale\"}]},{\"@type\":\"WebSite\",\"@id\":\"https:\/\/topo.art\/#website\",\"url\":\"https:\/\/topo.art\/\",\"name\":\"TOPO - Centre de cr\u00e9ation num\u00e9rique\",\"description\":\"Centre d&#039;artistes montr\u00e9alais en art num\u00e9rique.\",\"publisher\":{\"@id\":\"https:\/\/topo.art\/#organization\"},\"alternateName\":\"TOPO\",\"potentialAction\":[{\"@type\":\"SearchAction\",\"target\":{\"@type\":\"EntryPoint\",\"urlTemplate\":\"https:\/\/topo.art\/?s={search_term_string}\"},\"query-input\":{\"@type\":\"PropertyValueSpecification\",\"valueRequired\":true,\"valueName\":\"search_term_string\"}}],\"inLanguage\":\"en-CA\"},{\"@type\":\"Organization\",\"@id\":\"https:\/\/topo.art\/#organization\",\"name\":\"TOPO - Centre de cr\u00e9ation num\u00e9rique\",\"alternateName\":\"TOPO\",\"url\":\"https:\/\/topo.art\/\",\"logo\":{\"@type\":\"ImageObject\",\"inLanguage\":\"en-CA\",\"@id\":\"https:\/\/topo.art\/#\/schema\/logo\/image\/\",\"url\":\"https:\/\/topo.art\/chantier\/wp-content\/uploads\/2024\/01\/logo_topo2024.svg\",\"contentUrl\":\"https:\/\/topo.art\/chantier\/wp-content\/uploads\/2024\/01\/logo_topo2024.svg\",\"width\":887,\"height\":250,\"caption\":\"TOPO - Centre de cr\u00e9ation num\u00e9rique\"},\"image\":{\"@id\":\"https:\/\/topo.art\/#\/schema\/logo\/image\/\"},\"sameAs\":[\"https:\/\/www.facebook.com\/topomtl\",\"https:\/\/www.instagram.com\/topo_mtl\/\",\"https:\/\/bsky.app\/profile\/topo-mtl.bsky.social\"]},{\"@type\":\"Person\",\"@id\":\"https:\/\/topo.art\/#\/schema\/person\/dea2a00fd9d503481fb15c8d2c3cbe7f\",\"name\":\"Cosmo\",\"image\":{\"@type\":\"ImageObject\",\"inLanguage\":\"en-CA\",\"@id\":\"https:\/\/topo.art\/#\/schema\/person\/image\/\",\"url\":\"https:\/\/secure.gravatar.com\/avatar\/9619fa814e1cb70985b61b2bab035b288c17a79f5b2ee144082495f8f9b9166a?s=96&d=mm&r=g\",\"contentUrl\":\"https:\/\/secure.gravatar.com\/avatar\/9619fa814e1cb70985b61b2bab035b288c17a79f5b2ee144082495f8f9b9166a?s=96&d=mm&r=g\",\"caption\":\"Cosmo\"},\"sameAs\":[\"https:\/\/topo.art\/chantier\"]}]}<\/script>\n<!-- \/ Yoast SEO plugin. -->","yoast_head_json":{"title":"Offre d'emploi - Direction G\u00e9n\u00e9rale &#8226; TOPO - Centre de cr\u00e9ation num\u00e9rique","robots":{"index":"index","follow":"follow","max-snippet":"max-snippet:-1","max-image-preview":"max-image-preview:large","max-video-preview":"max-video-preview:-1"},"canonical":"https:\/\/topo.art\/en\/offre-demploi-direction-generale\/","og_locale":"en_US","og_type":"article","og_title":"Offre d'emploi - Direction G\u00e9n\u00e9rale &#8226; TOPO - Centre de cr\u00e9ation num\u00e9rique","og_description":"TOPO \u2013 Centre de cr\u00e9ation num\u00e9rique annonce que son cofondateur et directeur g\u00e9n\u00e9ral, Michel Lefebvre, quittera ses fonctions le 30 juin 2026, apr\u00e8s un engagement de plus de 25 ans. Son parcours a \u00e9t\u00e9 marqu\u00e9 par un d\u00e9vouement soutenu envers le rayonnement des pratiques contemporaines, interdisciplinaires et collaboratives en arts et litt\u00e9rature num\u00e9riques. Au tournant [&hellip;]","og_url":"https:\/\/topo.art\/en\/offre-demploi-direction-generale\/","og_site_name":"TOPO - Centre de cr\u00e9ation num\u00e9rique","article_publisher":"https:\/\/www.facebook.com\/topomtl","article_published_time":"2026-04-28T19:19:39+00:00","article_modified_time":"2026-04-28T19:28:59+00:00","og_image":[{"width":1920,"height":1080,"url":"https:\/\/topo.art\/chantier\/wp-content\/uploads\/2026\/04\/Poste-Direction-sans-texte-05.jpg","type":"image\/jpeg"}],"author":"Cosmo","twitter_card":"summary_large_image","twitter_misc":{"Written by":"Cosmo","Est. reading time":"7 minutes"},"schema":{"@context":"https:\/\/schema.org","@graph":[{"@type":"Article","@id":"https:\/\/topo.art\/offre-demploi-direction-generale\/#article","isPartOf":{"@id":"https:\/\/topo.art\/offre-demploi-direction-generale\/"},"author":{"name":"Cosmo","@id":"https:\/\/topo.art\/#\/schema\/person\/dea2a00fd9d503481fb15c8d2c3cbe7f"},"headline":"Offre d&#8217;emploi &#8211; Direction G\u00e9n\u00e9rale","datePublished":"2026-04-28T19:19:39+00:00","dateModified":"2026-04-28T19:28:59+00:00","mainEntityOfPage":{"@id":"https:\/\/topo.art\/offre-demploi-direction-generale\/"},"wordCount":1540,"publisher":{"@id":"https:\/\/topo.art\/#organization"},"image":{"@id":"https:\/\/topo.art\/offre-demploi-direction-generale\/#primaryimage"},"thumbnailUrl":"https:\/\/i0.wp.com\/topo.art\/chantier\/wp-content\/uploads\/2026\/04\/Poste-Direction-sans-texte-05.jpg?fit=1920%2C1080&ssl=1","inLanguage":"en-CA"},{"@type":"WebPage","@id":"https:\/\/topo.art\/offre-demploi-direction-generale\/","url":"https:\/\/topo.art\/offre-demploi-direction-generale\/","name":"Offre d'emploi - Direction G\u00e9n\u00e9rale &#8226; TOPO - Centre de cr\u00e9ation num\u00e9rique","isPartOf":{"@id":"https:\/\/topo.art\/#website"},"primaryImageOfPage":{"@id":"https:\/\/topo.art\/offre-demploi-direction-generale\/#primaryimage"},"image":{"@id":"https:\/\/topo.art\/offre-demploi-direction-generale\/#primaryimage"},"thumbnailUrl":"https:\/\/i0.wp.com\/topo.art\/chantier\/wp-content\/uploads\/2026\/04\/Poste-Direction-sans-texte-05.jpg?fit=1920%2C1080&ssl=1","datePublished":"2026-04-28T19:19:39+00:00","dateModified":"2026-04-28T19:28:59+00:00","breadcrumb":{"@id":"https:\/\/topo.art\/offre-demploi-direction-generale\/#breadcrumb"},"inLanguage":"en-CA","potentialAction":[{"@type":"ReadAction","target":["https:\/\/topo.art\/offre-demploi-direction-generale\/"]}]},{"@type":"ImageObject","inLanguage":"en-CA","@id":"https:\/\/topo.art\/offre-demploi-direction-generale\/#primaryimage","url":"https:\/\/i0.wp.com\/topo.art\/chantier\/wp-content\/uploads\/2026\/04\/Poste-Direction-sans-texte-05.jpg?fit=1920%2C1080&ssl=1","contentUrl":"https:\/\/i0.wp.com\/topo.art\/chantier\/wp-content\/uploads\/2026\/04\/Poste-Direction-sans-texte-05.jpg?fit=1920%2C1080&ssl=1","width":1920,"height":1080,"caption":"Offre emploi - Direction generale - TOPO"},{"@type":"BreadcrumbList","@id":"https:\/\/topo.art\/offre-demploi-direction-generale\/#breadcrumb","itemListElement":[{"@type":"ListItem","position":1,"name":"Accueil","item":"https:\/\/topo.art\/"},{"@type":"ListItem","position":2,"name":"Offre d&#8217;emploi &#8211; Direction G\u00e9n\u00e9rale"}]},{"@type":"WebSite","@id":"https:\/\/topo.art\/#website","url":"https:\/\/topo.art\/","name":"TOPO - Centre de cr\u00e9ation num\u00e9rique","description":"Centre d&#039;artistes montr\u00e9alais en art num\u00e9rique.","publisher":{"@id":"https:\/\/topo.art\/#organization"},"alternateName":"TOPO","potentialAction":[{"@type":"SearchAction","target":{"@type":"EntryPoint","urlTemplate":"https:\/\/topo.art\/?s={search_term_string}"},"query-input":{"@type":"PropertyValueSpecification","valueRequired":true,"valueName":"search_term_string"}}],"inLanguage":"en-CA"},{"@type":"Organization","@id":"https:\/\/topo.art\/#organization","name":"TOPO - Centre de cr\u00e9ation num\u00e9rique","alternateName":"TOPO","url":"https:\/\/topo.art\/","logo":{"@type":"ImageObject","inLanguage":"en-CA","@id":"https:\/\/topo.art\/#\/schema\/logo\/image\/","url":"https:\/\/topo.art\/chantier\/wp-content\/uploads\/2024\/01\/logo_topo2024.svg","contentUrl":"https:\/\/topo.art\/chantier\/wp-content\/uploads\/2024\/01\/logo_topo2024.svg","width":887,"height":250,"caption":"TOPO - Centre de cr\u00e9ation num\u00e9rique"},"image":{"@id":"https:\/\/topo.art\/#\/schema\/logo\/image\/"},"sameAs":["https:\/\/www.facebook.com\/topomtl","https:\/\/www.instagram.com\/topo_mtl\/","https:\/\/bsky.app\/profile\/topo-mtl.bsky.social"]},{"@type":"Person","@id":"https:\/\/topo.art\/#\/schema\/person\/dea2a00fd9d503481fb15c8d2c3cbe7f","name":"Cosmo","image":{"@type":"ImageObject","inLanguage":"en-CA","@id":"https:\/\/topo.art\/#\/schema\/person\/image\/","url":"https:\/\/secure.gravatar.com\/avatar\/9619fa814e1cb70985b61b2bab035b288c17a79f5b2ee144082495f8f9b9166a?s=96&d=mm&r=g","contentUrl":"https:\/\/secure.gravatar.com\/avatar\/9619fa814e1cb70985b61b2bab035b288c17a79f5b2ee144082495f8f9b9166a?s=96&d=mm&r=g","caption":"Cosmo"},"sameAs":["https:\/\/topo.art\/chantier"]}]}},"_links":{"self":[{"href":"https:\/\/topo.art\/en\/wp-json\/wp\/v2\/posts\/9753","targetHints":{"allow":["GET"]}}],"collection":[{"href":"https:\/\/topo.art\/en\/wp-json\/wp\/v2\/posts"}],"about":[{"href":"https:\/\/topo.art\/en\/wp-json\/wp\/v2\/types\/post"}],"author":[{"embeddable":true,"href":"https:\/\/topo.art\/en\/wp-json\/wp\/v2\/users\/1"}],"replies":[{"embeddable":true,"href":"https:\/\/topo.art\/en\/wp-json\/wp\/v2\/comments?post=9753"}],"version-history":[{"count":10,"href":"https:\/\/topo.art\/en\/wp-json\/wp\/v2\/posts\/9753\/revisions"}],"predecessor-version":[{"id":9764,"href":"https:\/\/topo.art\/en\/wp-json\/wp\/v2\/posts\/9753\/revisions\/9764"}],"wp:featuredmedia":[{"embeddable":true,"href":"https:\/\/topo.art\/en\/wp-json\/wp\/v2\/media\/9767"}],"wp:attachment":[{"href":"https:\/\/topo.art\/en\/wp-json\/wp\/v2\/media?parent=9753"}],"wp:term":[{"taxonomy":"category","embeddable":true,"href":"https:\/\/topo.art\/en\/wp-json\/wp\/v2\/categories?post=9753"},{"taxonomy":"post_tag","embeddable":true,"href":"https:\/\/topo.art\/en\/wp-json\/wp\/v2\/tags?post=9753"}],"curies":[{"name":"wp","href":"https:\/\/api.w.org\/{rel}","templated":true}]}}